{"id":22384,"date":"2020-12-09T00:52:06","date_gmt":"2020-12-08T23:52:06","guid":{"rendered":"https:\/\/www.paulinasfriends.com\/?p=22384"},"modified":"2020-12-09T00:59:29","modified_gmt":"2020-12-08T23:59:29","slug":"kitkat-sexism-and-the-indecent","status":"publish","type":"post","link":"https:\/\/www.paulinasfriends.com\/en\/kitkat-sexism-and-the-indecent\/","title":{"rendered":"KitKat, Sexism and the Indecent"},"content":{"rendered":"<p>[et_pb_section fb_built=&#8221;1&#8243; admin_label=&#8221;section&#8221; _builder_version=&#8221;3.22&#8243;][et_pb_row admin_label=&#8221;row&#8221; _builder_version=&#8221;3.25&#8243; background_size=&#8221;initial&#8221; background_position=&#8221;top_left&#8221; background_repeat=&#8221;repeat&#8221;][et_pb_column type=&#8221;4_4&#8243; _builder_version=&#8221;3.25&#8243; custom_padding=&#8221;|||&#8221; custom_padding__hover=&#8221;|||&#8221;][et_pb_text _builder_version=&#8221;4.6.6&#8243; _module_preset=&#8221;default&#8221; hover_enabled=&#8221;0&#8243; sticky_enabled=&#8221;0&#8243;]<\/p>\n<h3>KitKat, Sexism and the Indecent<\/h3>\n<h4><a href=\"https:\/\/www.instagram.com\/missirajin\/\" target=\"_blank\" rel=\"noopener noreferrer\">Sarah Julia Sabukoschek<\/a> is a very talented, young and diverse artist. She was born in Graz, Austria and now lives and works in Berlin.<\/h4>\n<p>&nbsp;<\/p>\n<p><strong>Sarah, how do you like the city? What is special about Berlin and what repulses you?<\/strong><\/p>\n<p>The decision to move to Berlin was one of the most significant and best decisions of my life. I love the open-mindedness of Berlin. I love the eccentricity, the individuality of the people. They are what makes Berlin so special and beautiful. I was not only attracted by the huge creative scene but by the free and alternative ways of living. To me, Berlin feels like a huge canvas that is being painted by everyone. I don&#8217;t really find anything repulsive here, just incredibly sad and real how many people live on the streets.<\/p>\n<p>&nbsp;<\/p>\n<p><strong>What are you looking for in Berlin?<\/strong><\/p>\n<p>I wouldn&#8217;t necessarily say that I am looking for something specific here. It just feels right to be here at the moment. I am inspired by so many different things each and every day and I like to be surrounded by open-minded creative people. I am currently in a very productive creative phase which I want to act out and share it with more people.<\/p>\n<p>&nbsp;<\/p>\n<p>&nbsp;<\/p>\n<p><img loading=\"lazy\" decoding=\"async\" class=\"aligncenter wp-image-22357 size-full\" src=\"https:\/\/www.paulinasfriends.com\/wp-content\/uploads\/2020\/12\/image00004.jpeg\" alt=\"\" width=\"1068\" height=\"712\" srcset=\"https:\/\/www.paulinasfriends.com\/wp-content\/uploads\/2020\/12\/image00004.jpeg 1068w, https:\/\/www.paulinasfriends.com\/wp-content\/uploads\/2020\/12\/image00004-980x653.jpeg 980w, https:\/\/www.paulinasfriends.com\/wp-content\/uploads\/2020\/12\/image00004-480x320.jpeg 480w\" sizes=\"auto, (min-width: 0px) and (max-width: 480px) 480px, (min-width: 481px) and (max-width: 980px) 980px, (min-width: 981px) 1068px, 100vw\" \/><\/p>\n<p>&nbsp;<\/p>\n<p><strong>Your presence on social media is brimming with feminist statements. Chapeau for your courage to get to the head of that much at such a young age! What is wrong in our society in your opinion? How do you see the role of woman today? What still needs to be changed urgently?<\/strong><\/p>\n<p>That is the overall thread running through a lot of my work. As a woman, I am permanently affected by everyday sexism. Oppression and violence against womxn is still a huge issue in our society. Cases where men killed their partners or ex partners are called a \u201crelationship drama\u201d and are completely normalized and played down by the media. I don&#8217;t know a single womxn who has never been a victim of sexual or domestic violence and sexism. The different way we treat men and womxn has devastating consequences for womxn and we must change that. I will not be silent about that, ever.<\/p>\n<p>The young girl paints a naked woman with her legs spread wide open. Thereby I create the confrontation with female sexuality and everything one associates with it- privately and socially. Of course that will be perceived as provocative. But then one starts to grapple with the topic and why it actually provokes, at best one starts to question the social role of womxn. A womxn who stands by her sexuality or her sexual activeness is directly branded as dubious, incompetent and a bad role model. The fact that many people still consider female sexuality to be shameful, indecent or even gross is a problem I urgently want to draw attention to through my art.<\/p>\n<p>&nbsp;<\/p>\n<p><img loading=\"lazy\" decoding=\"async\" class=\"wp-image-22343 size-full aligncenter\" src=\"https:\/\/www.paulinasfriends.com\/wp-content\/uploads\/2020\/12\/image00002.jpeg\" alt=\"\" width=\"1020\" height=\"660\" srcset=\"https:\/\/www.paulinasfriends.com\/wp-content\/uploads\/2020\/12\/image00002.jpeg 1020w, https:\/\/www.paulinasfriends.com\/wp-content\/uploads\/2020\/12\/image00002-980x634.jpeg 980w, https:\/\/www.paulinasfriends.com\/wp-content\/uploads\/2020\/12\/image00002-480x311.jpeg 480w\" sizes=\"auto, (min-width: 0px) and (max-width: 480px) 480px, (min-width: 481px) and (max-width: 980px) 980px, (min-width: 981px) 1020px, 100vw\" \/><\/p>\n<p>&nbsp;<\/p>\n<p><strong>Tell us about your collaboration with <a href=\"https:\/\/kitkatclub.org\/Home\/Index.html\" target=\"_blank\" rel=\"noopener noreferrer\">KitKat Club Berlin<\/a>?<\/strong><\/p>\n<p>I coincidentally got to know the organizer of one of the most successful and well-known fetish parties in Berlin&#8217;s KitKat Club. He liked my art and supported me. Until recently, a film inspired by this special party was shown there every wednesday. The film was a great project, i got to work with a lot of interesting and lovely people. That definitely also broadened my horizons.<\/p>\n<p>&nbsp;<\/p>\n<p><strong>Your relationship to fetish&#8230; doesn&#8217;t one have to be a little fetishistic today to be heard, to be \u201ccool\u201d?<\/strong><\/p>\n<p>I would describe myself as fetish-positive. In my opinion every fetish should be socially accepted and not be judged no matter what, as long as everything is consensual and not harming someone. That is also my message, it doesn&#8217;t matter how and with weather you&#8217;re sexually active or not, if you have any fetishes or not. Especially as a woman it is important to know that your sexuality is in no way related to your worth, your career or whatever. So no, I don&#8217;t think one has to be fetishistic in order to be heard.<\/p>\n<div class=\"layoutArea\">\n<div class=\"column\">\n<p>&nbsp;<\/p>\n\n\t\t<style type=\"text\/css\">\n\t\t\t#gallery-1 {\n\t\t\t\tmargin: auto;\n\t\t\t}\n\t\t\t#gallery-1 .gallery-item {\n\t\t\t\tfloat: left;\n\t\t\t\tmargin-top: 10px;\n\t\t\t\ttext-align: center;\n\t\t\t\twidth: 33%;\n\t\t\t}\n\t\t\t#gallery-1 img {\n\t\t\t\tborder: 2px solid #cfcfcf;\n\t\t\t}\n\t\t\t#gallery-1 .gallery-caption {\n\t\t\t\tmargin-left: 0;\n\t\t\t}\n\t\t\t\/* see gallery_shortcode() in wp-includes\/media.php *\/\n\t\t<\/style>\n\t\t<div id='gallery-1' class='gallery galleryid-22384 gallery-columns-3 gallery-size-full'><dl class='gallery-item'>\n\t\t\t<dt class='gallery-icon portrait'>\n\t\t\t\t<img loading=\"lazy\" decoding=\"async\" width=\"1000\" height=\"1500\" src=\"https:\/\/www.paulinasfriends.com\/wp-content\/uploads\/2020\/12\/nakt32.jpg\" class=\"attachment-full size-full\" alt=\"\" srcset=\"https:\/\/www.paulinasfriends.com\/wp-content\/uploads\/2020\/12\/nakt32.jpg 1000w, https:\/\/www.paulinasfriends.com\/wp-content\/uploads\/2020\/12\/nakt32-980x1470.jpg 980w, https:\/\/www.paulinasfriends.com\/wp-content\/uploads\/2020\/12\/nakt32-480x720.jpg 480w\" sizes=\"auto, (min-width: 0px) and (max-width: 480px) 480px, (min-width: 481px) and (max-width: 980px) 980px, (min-width: 981px) 1000px, 100vw\" \/>\n\t\t\t<\/dt><\/dl><dl class='gallery-item'>\n\t\t\t<dt class='gallery-icon portrait'>\n\t\t\t\t<img loading=\"lazy\" decoding=\"async\" width=\"1000\" height=\"1500\" src=\"https:\/\/www.paulinasfriends.com\/wp-content\/uploads\/2020\/12\/nakt33.jpg\" class=\"attachment-full size-full\" alt=\"\" srcset=\"https:\/\/www.paulinasfriends.com\/wp-content\/uploads\/2020\/12\/nakt33.jpg 1000w, https:\/\/www.paulinasfriends.com\/wp-content\/uploads\/2020\/12\/nakt33-980x1470.jpg 980w, https:\/\/www.paulinasfriends.com\/wp-content\/uploads\/2020\/12\/nakt33-480x720.jpg 480w\" sizes=\"auto, (min-width: 0px) and (max-width: 480px) 480px, (min-width: 481px) and (max-width: 980px) 980px, (min-width: 981px) 1000px, 100vw\" \/>\n\t\t\t<\/dt><\/dl><dl class='gallery-item'>\n\t\t\t<dt class='gallery-icon portrait'>\n\t\t\t\t<img loading=\"lazy\" decoding=\"async\" width=\"1000\" height=\"1500\" src=\"https:\/\/www.paulinasfriends.com\/wp-content\/uploads\/2020\/12\/nakt11.jpg\" class=\"attachment-full size-full\" alt=\"\" srcset=\"https:\/\/www.paulinasfriends.com\/wp-content\/uploads\/2020\/12\/nakt11.jpg 1000w, https:\/\/www.paulinasfriends.com\/wp-content\/uploads\/2020\/12\/nakt11-980x1470.jpg 980w, https:\/\/www.paulinasfriends.com\/wp-content\/uploads\/2020\/12\/nakt11-480x720.jpg 480w\" sizes=\"auto, (min-width: 0px) and (max-width: 480px) 480px, (min-width: 481px) and (max-width: 980px) 980px, (min-width: 981px) 1000px, 100vw\" \/>\n\t\t\t<\/dt><\/dl><br style=\"clear: both\" \/>\n\t\t<\/div>\n\n<p><img loading=\"lazy\" decoding=\"async\" class=\"aligncenter wp-image-22341 size-full\" src=\"https:\/\/www.paulinasfriends.com\/wp-content\/uploads\/2020\/12\/nakt38.jpg\" alt=\"\" width=\"1050\" height=\"700\" srcset=\"https:\/\/www.paulinasfriends.com\/wp-content\/uploads\/2020\/12\/nakt38.jpg 1050w, https:\/\/www.paulinasfriends.com\/wp-content\/uploads\/2020\/12\/nakt38-980x653.jpg 980w, https:\/\/www.paulinasfriends.com\/wp-content\/uploads\/2020\/12\/nakt38-480x320.jpg 480w\" sizes=\"auto, (min-width: 0px) and (max-width: 480px) 480px, (min-width: 481px) and (max-width: 980px) 980px, (min-width: 981px) 1050px, 100vw\" \/><\/p>\n<p>Shooting for <a href=\"https:\/\/www.kaltblut-magazine.com\/we-are-nakt\/\" target=\"_blank\" rel=\"noopener noreferrer\">Kaltblut Magazin<\/a> with Sarah Julia Sabukoschek<\/p>\n<p>Photo: Sebastian Pielles @<a href=\"http:\/\/instagram.com\/piellesshots\" target=\"_blank\" rel=\"noopener noreferrer\">piellesshots<\/a><br \/>Styling: Tianyang Li @<a href=\"http:\/\/instagram.com\/tymakelk\" target=\"_blank\" rel=\"noopener noreferrer\">tymakelk<\/a><br \/>Make Up\/Grooming: Melanie Hoppe @<a href=\"http:\/\/instagram.com\/melanie.hoppe\" target=\"_blank\" rel=\"noopener noreferrer\">melanie.hopp<\/a><br \/>Sarah Julia Sabukoschek @<a href=\"http:\/\/instagram.com\/missirajin\" target=\"_blank\" rel=\"noopener noreferrer\">missirajin<\/a><\/p>\n<\/div>\n<\/div>\n<div class=\"layoutArea\">\n<div class=\"column\">\n<p>&nbsp;<\/p>\n<\/div>\n<\/div>\n<p>&nbsp;<\/p>\n<p><strong>Does one have to be loud in order to self-reflect nowadays?<\/strong><\/p>\n<p>I think it doesn&#8217;t matter in which way you reflect on the world and yourself. First and foremost it is important to do it on a regular base. But if you really want to change something, you should also be loud in some way, spreading the message and waking up the people.<\/p>\n<p>&nbsp;<\/p>\n<p><strong>You share pretty frivolous things on Instagram. Not to sound prudish, but what do your parents say?<\/strong><\/p>\n<p>Nowadays it is in fact considered frivolous if someone is revealing or showing their naked body. On the one hand because nudity is generally considered indecent and on the other hand because women are permanently objectified and sexualized against their will. In order to break out of this image of hyper-sexualized women, it takes women who recapture it. Women who fight for their own self-determination and the self-determination of others despite the many headwinds. I tried to explain that to my parents in the same way and I think they understand. In any case, they always support me in living my dream.<\/p>\n<p>&nbsp;<\/p>\n<p lang=\"en\"><strong>What is your vision for contemporary art?<\/strong><\/p>\n<p><span lang=\"en\">I would like to see more contemporary art in everyday life. Art that is more approachable, art that is prfound, art that is alive and above all art that is accessible and not like a cut-off world in itself. I would also like the represented contemporary art to become a lot more diverse. That more and more young artists, female and queer artists get the space and attention they deserve.<\/span><\/p>\n<p>&nbsp;<\/p>\n<p>&nbsp;<\/p>\n\n\t\t<style type=\"text\/css\">\n\t\t\t#gallery-2 {\n\t\t\t\tmargin: auto;\n\t\t\t}\n\t\t\t#gallery-2 .gallery-item {\n\t\t\t\tfloat: left;\n\t\t\t\tmargin-top: 10px;\n\t\t\t\ttext-align: center;\n\t\t\t\twidth: 50%;\n\t\t\t}\n\t\t\t#gallery-2 img {\n\t\t\t\tborder: 2px solid #cfcfcf;\n\t\t\t}\n\t\t\t#gallery-2 .gallery-caption {\n\t\t\t\tmargin-left: 0;\n\t\t\t}\n\t\t\t\/* see gallery_shortcode() in wp-includes\/media.php *\/\n\t\t<\/style>\n\t\t<div id='gallery-2' class='gallery galleryid-22384 gallery-columns-2 gallery-size-full'><dl class='gallery-item'>\n\t\t\t<dt class='gallery-icon landscape'>\n\t\t\t\t<img loading=\"lazy\" decoding=\"async\" width=\"640\" height=\"640\" src=\"https:\/\/www.paulinasfriends.com\/wp-content\/uploads\/2020\/12\/128540152_146538416811053_6561238916662964325_n.jpg\" class=\"attachment-full size-full\" alt=\"\" srcset=\"https:\/\/www.paulinasfriends.com\/wp-content\/uploads\/2020\/12\/128540152_146538416811053_6561238916662964325_n.jpg 640w, https:\/\/www.paulinasfriends.com\/wp-content\/uploads\/2020\/12\/128540152_146538416811053_6561238916662964325_n-480x480.jpg 480w\" sizes=\"auto, (min-width: 0px) and (max-width: 480px) 480px, (min-width: 481px) 640px, 100vw\" \/>\n\t\t\t<\/dt><\/dl><dl class='gallery-item'>\n\t\t\t<dt class='gallery-icon landscape'>\n\t\t\t\t<img loading=\"lazy\" decoding=\"async\" width=\"640\" height=\"640\" src=\"https:\/\/www.paulinasfriends.com\/wp-content\/uploads\/2020\/12\/123284108_2718598308394812_4881593686031001575_n.jpg\" class=\"attachment-full size-full\" alt=\"\" srcset=\"https:\/\/www.paulinasfriends.com\/wp-content\/uploads\/2020\/12\/123284108_2718598308394812_4881593686031001575_n.jpg 640w, https:\/\/www.paulinasfriends.com\/wp-content\/uploads\/2020\/12\/123284108_2718598308394812_4881593686031001575_n-480x480.jpg 480w\" sizes=\"auto, (min-width: 0px) and (max-width: 480px) 480px, (min-width: 481px) 640px, 100vw\" \/>\n\t\t\t<\/dt><\/dl><br style=\"clear: both\" \/>\n\t\t<\/div>\n\n<p>&nbsp;<\/p>\n<p><strong>Do you have a fable for the disreputable, the edge of society?<\/strong><\/p>\n<p>Absolutely. This is where most of the issues are rooted and also most of the solutions. Because nobody wants to be confronted with that, it is pushed to the edge of society. Nevertheless, these are issues that affect all of us directly or indirectly and in my opinion these are the greatest opportunities to grow. When something like this becomes visible through my art it is questionable for some, but it&#8217;s effective.<\/p>\n<p>&nbsp;<\/p>\n<p><strong>Don&#8217;t you see the unwritten Insta conventions \/ stereotypes with regard to the female body a little critical? What do you do to break them?<\/strong><\/p>\n<p lang=\"en\">I see the way of how women are portrayed on social media and the media in general is definitely as problematic in several ways. As a woman it is about being as desirable and beautiful as possible. That doesn&#8217;t only support and preach sexist role models but also causes masses of unsettled women and girls. On the other hand we have things like the body-positivity movement which have a very positive approach. Many women these days market themselves through social media. Whether they do that in a more or less conventional way should be left to each woman to decide. Nevertheless the influence we can have one others, especially young adults and children should still be considered. I&#8217;m trying to educate people by showing my armpit hair for example. That may seem silly at first but my armpit hair symolizes that it&#8217;s okay to not fit any ideals of beauty or follow every trend and that you can always consider yourself as beautiful no matter how you look. We shoudn&#8217;t let the fake industry and advertisements influence us too much and carefully choose who we follow on social media.<\/p>\n<p>&nbsp;<\/p>\n<p><img loading=\"lazy\" decoding=\"async\" class=\"wp-image-22355 size-full aligncenter\" src=\"https:\/\/www.paulinasfriends.com\/wp-content\/uploads\/2020\/12\/image00003.jpeg\" alt=\"\" width=\"712\" height=\"1017\" srcset=\"https:\/\/www.paulinasfriends.com\/wp-content\/uploads\/2020\/12\/image00003.jpeg 712w, https:\/\/www.paulinasfriends.com\/wp-content\/uploads\/2020\/12\/image00003-480x686.jpeg 480w\" sizes=\"auto, (min-width: 0px) and (max-width: 480px) 480px, (min-width: 481px) 712px, 100vw\" \/><\/p>\n<p>&nbsp;<\/p>\n<p lang=\"en\"><strong>What is your vision for contemporary art?<\/strong><\/p>\n<p><span lang=\"en\">I would like to see more contemporary art in everyday life. Art that is more approachable, art that is prfound, art that is alive and above all art that is accessible and not like a cut-off world in itself. I would also like the represented contemporary art to become a lot more diverse. That more and more young artists, female and queer artists get the space and attention they deserve.<\/span><\/p>\n<p>&nbsp;<\/p>\n<p><strong>How do you combine art and fashion in your work?<\/strong><\/p>\n<p>My individual design of the bomber jacket from your collection #iwearmyself with you, Paulina, is the first project where I combined my art and fashion directly. There is definitely more to come in that area in the future. I already have some ideas for some wearable art pieces.<\/p>\n\n\t\t<style type=\"text\/css\">\n\t\t\t#gallery-3 {\n\t\t\t\tmargin: auto;\n\t\t\t}\n\t\t\t#gallery-3 .gallery-item {\n\t\t\t\tfloat: left;\n\t\t\t\tmargin-top: 10px;\n\t\t\t\ttext-align: center;\n\t\t\t\twidth: 33%;\n\t\t\t}\n\t\t\t#gallery-3 img {\n\t\t\t\tborder: 2px solid #cfcfcf;\n\t\t\t}\n\t\t\t#gallery-3 .gallery-caption {\n\t\t\t\tmargin-left: 0;\n\t\t\t}\n\t\t\t\/* see gallery_shortcode() in wp-includes\/media.php *\/\n\t\t<\/style>\n\t\t<div id='gallery-3' class='gallery galleryid-22384 gallery-columns-3 gallery-size-full'><dl class='gallery-item'>\n\t\t\t<dt class='gallery-icon portrait'>\n\t\t\t\t<img loading=\"lazy\" decoding=\"async\" width=\"826\" height=\"1078\" src=\"https:\/\/www.paulinasfriends.com\/wp-content\/uploads\/2020\/12\/image00006.jpeg\" class=\"attachment-full size-full\" alt=\"\" srcset=\"https:\/\/www.paulinasfriends.com\/wp-content\/uploads\/2020\/12\/image00006.jpeg 826w, https:\/\/www.paulinasfriends.com\/wp-content\/uploads\/2020\/12\/image00006-480x626.jpeg 480w\" sizes=\"auto, (min-width: 0px) and (max-width: 480px) 480px, (min-width: 481px) 826px, 100vw\" \/>\n\t\t\t<\/dt><\/dl><dl class='gallery-item'>\n\t\t\t<dt class='gallery-icon portrait'>\n\t\t\t\t<img loading=\"lazy\" decoding=\"async\" width=\"586\" height=\"1024\" src=\"https:\/\/www.paulinasfriends.com\/wp-content\/uploads\/2020\/12\/image00007.jpeg\" class=\"attachment-full size-full\" alt=\"\" srcset=\"https:\/\/www.paulinasfriends.com\/wp-content\/uploads\/2020\/12\/image00007.jpeg 586w, https:\/\/www.paulinasfriends.com\/wp-content\/uploads\/2020\/12\/image00007-480x839.jpeg 480w\" sizes=\"auto, (min-width: 0px) and (max-width: 480px) 480px, (min-width: 481px) 586px, 100vw\" \/>\n\t\t\t<\/dt><\/dl><dl class='gallery-item'>\n\t\t\t<dt class='gallery-icon portrait'>\n\t\t\t\t<img loading=\"lazy\" decoding=\"async\" width=\"797\" height=\"1001\" src=\"https:\/\/www.paulinasfriends.com\/wp-content\/uploads\/2020\/12\/image00005.jpeg\" class=\"attachment-full size-full\" alt=\"\" srcset=\"https:\/\/www.paulinasfriends.com\/wp-content\/uploads\/2020\/12\/image00005.jpeg 797w, https:\/\/www.paulinasfriends.com\/wp-content\/uploads\/2020\/12\/image00005-480x603.jpeg 480w\" sizes=\"auto, (min-width: 0px) and (max-width: 480px) 480px, (min-width: 481px) 797px, 100vw\" \/>\n\t\t\t<\/dt><\/dl><br style=\"clear: both\" \/>\n\t\t<\/div>\n\n<p>&nbsp;<\/p>\n<p><strong>What is your relationship to the LGBTQ-Community?<\/strong><\/p>\n<p>As a white cis woman in Germany, I am very aware of my privileges and I think we should all use them to support the minorities and help them to fight for their rights. Those who are discriminated against and who are confronted with social intoleration on a daily base.<\/p>\n<p>&nbsp;<\/p>\n<p><strong>What visions do you have professionally and privately?<\/strong><\/p>\n<p>I feel like my private and professional life are always kind fo mixed, but I definitely want to do more public art projects in the future. Reach more and more people through my art and create art in everyday life. I want to improve and expand my techniques and implement an infinite amount of ideas and concepts I have in mind. My paintings will become bigger in the future and of course I want a growing audience for my art. In my private life I would like to develop myself further and actually become more active politically.<\/p>\n<p>What is your relationship to the LGBTQ-Community? As a white cis woman in Germany, I am very aware of my privileges and I think we should all use them to support the minorities and help them to fight for their rights. Those who are discriminated against and who are confronted with social intoleration on a daily base. What visions do you have professionally and privately? I feel like my private and professional life are always kind fo mixed, but I definitely want to do more public art projects in the future. Reach more and more people through my art and create art in everyday life. I want to improve and expand my techniques and implement an infinite amount of ideas and concepts I have in mind. My paintings will become bigger in the future and of course I want a growing audience for my art. In my private life I would like to develop myself further and actually become more active politically.<\/p>\n<p><a href=\"https:\/\/www.instagram.com\/p\/CHiMMvshxbz\/?igshid=g6mza0hb9mgn\"><img loading=\"lazy\" decoding=\"async\" class=\"aligncenter wp-image-22366 size-full\" src=\"https:\/\/www.paulinasfriends.com\/wp-content\/uploads\/2020\/12\/Instagram.jpg\" alt=\"\" width=\"800\" height=\"543\" srcset=\"https:\/\/www.paulinasfriends.com\/wp-content\/uploads\/2020\/12\/Instagram.jpg 800w, https:\/\/www.paulinasfriends.com\/wp-content\/uploads\/2020\/12\/Instagram-480x326.jpg 480w\" sizes=\"auto, (min-width: 0px) and (max-width: 480px) 480px, (min-width: 481px) 800px, 100vw\" \/><\/a><\/p>\n<p>Instagram-Post by @paulinasfriendsfashion with Sarah Julia Sabukoschek<\/p>\n<p>Dear Sarah, thank you so much for this lovely interview!<\/p>\n<p>&nbsp;<\/p>\n<p>&nbsp;<\/p>\n<p>&nbsp;<\/p>\n<p>[\/et_pb_text][\/et_pb_column][\/et_pb_row][\/et_pb_section]<\/p>\n","protected":false},"excerpt":{"rendered":"<p>a young Austrian artist breaks stereotypes on femininity, sex and fetish through art and political activism<\/p>\n","protected":false},"author":1,"featured_media":22348,"comment_status":"open","ping_status":"open","sticky":false,"template":"","format":"standard","meta":{"_et_pb_use_builder":"on","_et_pb_old_content":"<p>[et_pb_section fb_built=\"1\" admin_label=\"section\" _builder_version=\"3.22\"][et_pb_row admin_label=\"row\" _builder_version=\"3.25\" background_size=\"initial\" background_position=\"top_left\" background_repeat=\"repeat\"][et_pb_column type=\"4_4\" _builder_version=\"3.25\" custom_padding=\"|||\" custom_padding__hover=\"|||\"][et_pb_text _builder_version=\"4.6.6\" _module_preset=\"default\"]<\/p><h3>KitKat, Sexismus und das Anr\u00fcchige<\/h3><h4><a href=\"http:\/\/instagram.com\/missirajin\" target=\"_blank\" rel=\"noopener noreferrer\">Sarah Julia Sabukoschek<\/a> ist eine junge, sehr talentierte und vielschichtige Pers\u00f6nlichkeit. Urspr\u00fcnglich aus Graz, \u00d6sterreich, zog sie vor kurzem nach Berlin, um ihren Traum zu leben.<\/h4><p>\u00a0<\/p><p><strong>Sarah, wie gef\u00e4llt Dir die Hauptstadt, was findest Du besonders und was absto\u00dfend?<\/strong><\/p><p>Die Entscheidung nach Berlin zu kommen war eine der bedeutsamsten und besten Entscheidungen meines Lebens. Ich liebe die Aufgeschlossenheit von Berlin. Ich liebe die Exzentrik, die Individualit\u00e4t der Menschen, genau diese Menschen machen Berlin auch so sch\u00f6n. Diese freie und alternative Art zu leben hat mich angezogen. Berlin f\u00fchlt sich f\u00fcr mich wie eine riesige Leinwand an, die von allen bemalt werden darf. Absto\u00dfend finde ich hier eigentlich gar nichts, nur unfassbar traurig und real wie viele obdachlose und arme Menschen es hier gibt. Die Gefahr auf andere Menschen zu vergessen und zu egoistisch zu sein besteht denke ich leider in den meisten Gro\u00dfst\u00e4dten.<\/p><p>\u00a0<\/p><p><img class=\"aligncenter wp-image-22357 size-full\" src=\"https:\/\/www.paulinasfriends.com\/wp-content\/uploads\/2020\/12\/image00004.jpeg\" alt=\"\" width=\"1068\" height=\"712\" \/><\/p><p>\u00a0<\/p><p><strong>Was suchst Du in Berlin?<\/strong><\/p><p>Ich w\u00fcrde nicht unbedingt sagen, dass ich auf der Suche bin. Es f\u00fchlt sich f\u00fcr mich momentan einfach richtig an in Berlin zu sein. Ich werde t\u00e4glich von den unterschiedlichsten Dingen inspiriert und ich mag es so viele aufgeschlossene Menschen um mich zu haben. Gerade bin ich in einer sehr kreativen Schaffensphase und die m\u00f6chte ich hier definitiv noch weiter ausleben und noch mehr Leute daran teilhaben lassen.<\/p><p>\u00a0<\/p><p><img class=\"wp-image-22343 size-full aligncenter\" src=\"https:\/\/www.paulinasfriends.com\/wp-content\/uploads\/2020\/12\/image00002.jpeg\" alt=\"\" width=\"1020\" height=\"660\" \/><\/p><p>\u00a0<\/p><p><strong>Deine Pr\u00e4senz auf den sozialen Medien sprudelt von feministischen Aussagen. Chapeau f\u00fcr Deinen Mut, in so jungen Jahren, so viel aufm Punkt zu bringen! Was l\u00e4uft aus Deiner Sicht schief in der Gesellschaft? Wie siehst Du die Rolle der Frau heute? Was muss noch dringend ver\u00e4ndert werden?<\/strong><\/p><p>Das ist der rote Faden, der sich durch sehr viele meiner Arbeiten zieht. Egal ob das Malereien, Grafiken, Filme oder Texte sind. Als Frau bin ich nat\u00fcrlich t\u00e4glich von Alltagssexismus betroffen. Unterdr\u00fcckung und Gewalt an Frauen ist in unserer Gesellschaft immer noch ein Riesenproblem. Ich kenne keine einzige Frau, die noch nie von sexueller Gewalt oder Sexismus betroffen war. Der unterschiedliche Umgang mit M\u00e4nnern und Frauen f\u00fchrt zu verheerenden Folgen f\u00fcr Frauen und mit diesen Themen sollten wir uns alle mehr auseinandersetzen. Dar\u00fcber kann ich einfach nicht schweigen.<\/p><p>Das junge M\u00e4dchen malt eine nackte Frau mit gespreizten Beinen. Ich schaffe somit unmissverst\u00e4ndlich die Konfrontation mit weiblicher Sexualit\u00e4t und allem was man damit verbindet - privat sowie gesellschaftlich. Das provoziert nat\u00fcrlich, dessen bin ich mir bewusst. Doch dann beginnt man sich mit dem Thema auseinanderzusetzen und warum das eigentlich provoziert und man hinterfragt bestenfalls das gesellschaftliche Rollenbild der Frau. Eine Frau, die zu ihrer Sexualit\u00e4t steht oder sie thematisiert wird direkt als unseri\u00f6s, inkompetent und als schlechtes Vorbild abgestempelt. Die Tatsache, dass weibliche Sexualit\u00e4t f\u00fcr viele als schamhaft, unsittsam oder gar eklig gilt, ist ein Problem, auf das ich dringend aufmerksam machen m\u00f6chte.<\/p><p>\u00a0<\/p><p><strong>Erz\u00e4hl uns von Deiner Zusammenarbeit mit dem KitKat Club Berlin?<\/strong><\/p><p>Ich lernte durch Zufall den Veranstalter einer der erfolgreichsten und bekanntesten Fetisch-Partys im Berliner KitKat Club kennen. Er mochte meine Kunst und unterst\u00fctzte mich. Bis vor kurzem lief dort noch jeden Mittwoch ein Film, der inspiriert vom KitKat entstanden war. Dieser Film war von Anfang an ein gro\u00dfartiges Projekt, ich durfte mit vielen interessanten und liebenswerten Menschen zusammenarbeiten. Das hat meinen Horizont auf jeden Fall erweitert.<\/p><p>\u00a0<\/p><p><strong>Dein Verh\u00e4ltnis zum Fetisch....Muss man heute nicht ein wenig fetischistisch sein, um aufzufallen, um geh\u00f6rt zu werden, um \"cool\" zu sein?<\/strong><\/p><p>Ich w\u00fcrde mich selbst als fetisch-positiv bezeichnen. Das hei\u00dft, ich bin der Meinung, man sollte jeden Fetisch frei ausleben d\u00fcrfen ohne daf\u00fcr verurteilt zu werden. Solange alles einverst\u00e4ndlich ist nat\u00fcrlich. Ich finde, dass das jedem selbst \u00fcberlassen ist und genau das ist auch meine Message: es ist egal wie und mit wem du deine Sexualit\u00e4t auslebst, vor allem als Frau, h\u00e4ngt das in keiner Weise mit ihrem Wert, ihrer Seriosit\u00e4t, ihrer Meinung, ihrer Karriere oder sonst was zusammen und darf diese Bereiche nicht beeinflussen.<\/p><p>\u00a0<\/p><div class=\"layoutArea\"><div class=\"column\"><p>\u00a0<\/p><p>[gallery link=\"none\" size=\"full\" type=\"divi\" ids=\"22335,22337,22339\"]<\/p><p><img class=\"aligncenter wp-image-22341 size-full\" src=\"https:\/\/www.paulinasfriends.com\/wp-content\/uploads\/2020\/12\/nakt38.jpg\" alt=\"\" width=\"1050\" height=\"700\" \/><\/p><p>Shooting f\u00fcr <a href=\"https:\/\/www.kaltblut-magazine.com\/we-are-nakt\/\" target=\"_blank\" rel=\"noopener noreferrer\">Kaltblut Magazin<\/a> mit Sarah Julia Sabukoschek<\/p><p>Photo: Sebastian Pielles @<a href=\"http:\/\/instagram.com\/piellesshots\" target=\"_blank\" rel=\"noopener noreferrer\">piellesshots<\/a><br \/>Styling: Tianyang Li @<a href=\"http:\/\/instagram.com\/tymakelk\" target=\"_blank\" rel=\"noopener noreferrer\">tymakelk<\/a><br \/>Make Up\/Grooming: Melanie Hoppe @<a href=\"http:\/\/instagram.com\/melanie.hoppe\" target=\"_blank\" rel=\"noopener noreferrer\">melanie.hopp<\/a><br \/>Sarah Julia Sabukoschek @<a href=\"http:\/\/instagram.com\/missirajin\" target=\"_blank\" rel=\"noopener noreferrer\">missirajin<\/a><\/p><\/div><\/div><div class=\"layoutArea\"><div class=\"column\"><p>\u00a0<\/p><\/div><\/div><p><strong>Muss man laut sein, um heute \u00fcber sich selbst zu reflektieren?<\/strong><\/p><p>Ich finde es ist ganz egal ob man laut oder leise, gemeinsam, alleine oder sonst wie reflektiert. Wichtig ist in erster Linie, dass man es regelm\u00e4\u00dfig tut. Wer etwas ver\u00e4ndern m\u00f6chte, sollte aber im n\u00e4chsten Schritt auch in irgendeiner Form laut sein, helfen die Leute aufzukl\u00e4ren und wachzur\u00fctteln.<\/p><p>\u00a0<\/p><p><strong>Du zeigst Dich auf Instagram ziemlich frivol. Ich will nicht pr\u00fcde klingen, aber was sagen Deine Eltern?<\/strong><\/p><p>Tats\u00e4chlich gilt es heutzutage bei uns als frivol, wenn man freiz\u00fcgig ist oder seinen nackten K\u00f6rper zeigt. Einerseits, weil Nacktheit generell als etwas Unanst\u00e4ndiges gilt, andererseits, weil Frauen \u00fcberall und permanent gegen unseren Willen sexualisiert werden. Um aus diesem Bild der sexualisierten Frau auszubrechen, braucht es Frauen die sich das zur\u00fcckerobern. Frauen, die f\u00fcr ihre eigene und die Selbstbestimmung anderer k\u00e4mpfen trotz des vielen Gegenwinds. Meinen Eltern habe ich versucht das genau so zu erkl\u00e4ren und ich glaube sie verstehen es. Jedenfalls unterst\u00fctzen sie mich stets darin meinen Traum zu leben.<\/p><p>[gallery type=\"divi\" size=\"full\" columns=\"2\" link=\"none\" ids=\"22345,22347\"]<\/p><p>\u00a0<\/p><p><strong>Hast Du ein Fabel f\u00fcrs Anr\u00fcchige, Grenzwertige?<\/strong><\/p><p>Absolut. Genau das sind oft jene Themen, wo es am meisten Probleme gibt. Die werden dann einfach totgeschwiegen oder an den Rand der Gesellschaft gedr\u00fcckt. Trotzdem sind das Themen, die uns alle direkt oder indirekt betreffen und dort liegen meiner Meinung nach auch die gr\u00f6\u00dften Wachstumsm\u00f6glichkeiten. Wenn so etwas dann durch meine Kunst sichtbar wird, ist das wieder f\u00fcr viele wieder grenzwertig. Aber es wirkt.<\/p><p>\u00a0<\/p><p><img class=\"wp-image-22355 size-full aligncenter\" src=\"https:\/\/www.paulinasfriends.com\/wp-content\/uploads\/2020\/12\/image00003.jpeg\" alt=\"\" width=\"712\" height=\"1017\" \/><\/p><p>\u00a0<\/p><p><strong>Siehst Du die ungeschriebenen Insta-Konventionen \/ Stereotypen in Bezug auf den weiblichen K\u00f6rper nicht ein wenig kritisch? Und was tust Du um sie zu brechen?<\/strong><\/p><p>Ich finde das Bild der Frau in den sozialen Medien ist definitiv problematisch in mehreren Aspekten. Fast \u00fcberall geht es darum als Frau m\u00f6glichst begehrenswert und sch\u00f6n zu sein. Das unterst\u00fctzt und predigt nicht nur sexistische Rollenbilder, sondern verursacht massenweise verunsicherte Frauen und M\u00e4dchen.<\/p><p>Andererseits gibt es dann wieder Bodypositivity-Bewegungen, die ja einen durchaus positiven Ansatz haben. Viele Frauen vermarkten sich aber heutzutage selbst auf Instagram. Ob das mehr oder weniger konventionell, sollte jeder Frau selbst \u00fcberlassen sein. Trotzdem sollte nat\u00fcrlich ber\u00fccksichtigt werden welche Wirkung das auf Jugendliche haben k\u00f6nnte. Ich versuche da aufzukl\u00e4ren und zeige beispielsweise meine Achselhaare. Das mag auf den ersten Blick albern erscheinen, aber damit m\u00f6chte ich symbolisieren, dass es in Ordnung ist wenn man nicht den klassischen Sch\u00f6nheitsidealen entspricht oder jedem Trend folgt und dass man sich immer sch\u00f6n finden darf, egal wie man aussieht. Man darf sich von der Werbung nicht zu sehr beeinflussen lassen und sollte sorgsam w\u00e4hlen, welche Personen man auf Social Media verfolgt.<\/p><p>\u00a0<\/p><p><strong>Welche Vision hast Du f\u00fcr die zeitgen\u00f6ssische Kunst?<\/strong><\/p><p>Ich w\u00fcrde mir mehr Kunst im Alltag w\u00fcnschen. Kunst, die nahbarer ist, Kunst, die tiefgr\u00fcndig ist, Kunst, die lebendig ist und vor allem Kunst, die f\u00fcr alle zug\u00e4nglich ist und nicht wie eine abgeschnittene Welt f\u00fcr sich. Ich w\u00fcrde mir au\u00dferdem w\u00fcnschen, dass die vertretene zeitgen\u00f6ssische Kunst diverser wird, dass viel mehr junge K\u00fcnstler*innen, Frauen und queere Menschen Raum und Aufmerksamkeit bekommen.<\/p><p>[gallery type=\"divi\" size=\"full\" link=\"none\" ids=\"22351,22349,22353\"]<\/p><p>\u00a0<\/p><p><strong>Wie verbindest Du Kunst und Mode in Deinem Schaffen?<\/strong><\/p><p>Meine Version der Bomberjacke aus der Kollektion #ichtragemeinselbst mit dir, Paulina, war mein erstes Projekt, in dem ich meine Kunst und Mode direkt kombiniert habe. In Zukunft wird in diesem Bereich bestimmt noch mehr kommen, ich habe da sogar schon einige Ideen f\u00fcr getragene Kunstwerke.<\/p><p><strong>Dein Bezug zur LGBTQ-Community?<\/strong><\/p><p>Ich bin mir als wei\u00dfe Frau in Deutschland meiner Privilegien bewusst und finde wir alle sollten diese nutzen um die Minderheiten, jenen, die diskriminiert werden und jeden Tag damit konfrontiert werden, dass die Gesellschaft sie in gro\u00dfen Teilen nicht toleriert, im Kampf um ihre Rechte zu unterst\u00fctzen.<\/p><p>\u00a0<\/p><p><strong>Deine Zukunftsvisionen f\u00fcr Dich beruflich und privat?<\/strong><\/p><p>Ich finde bei mir vermischt sich das Private und Berufliche oft, aber ich m\u00f6chte in Zukunft auf jeden Fall noch mehr \u00f6ffentliche Projekte machen, mehr Menschen mit meiner Kunst erreichen und Kunst im Alltag schaffen. Ich m\u00f6chte meine Technik verbessern, ausbauen und noch unendlich viele Ideen realisieren. Meine Bilder werden in Zukunft noch gr\u00f6\u00dfer ausfallen und ich w\u00fcnsche mir nat\u00fcrlich ein immer gr\u00f6\u00dfer werdendes Publikum, das sich mit meiner Kunst und dem was ich mache auseinandersetzt. Privat m\u00f6chte ich mich weiterentwickeln und auch politisch noch mehr aktiv werden.<\/p><p><a href=\"https:\/\/www.instagram.com\/p\/CHiMMvshxbz\/?igshid=g6mza0hb9mgn\"><img class=\"aligncenter wp-image-22366 size-full\" src=\"https:\/\/www.paulinasfriends.com\/wp-content\/uploads\/2020\/12\/Instagram.jpg\" alt=\"\" width=\"800\" height=\"543\" \/><\/a><\/p><p>Instagram-Post von @paulinasfriendsfashion mit Sarah Julia Sabukoschek<\/p><p>Liebe Sarah, vielen Dank f\u00fcr dieses wundervolle Interview!<\/p><p>\u00a0<\/p><p>\u00a0<\/p><p>\u00a0<\/p><p>[\/et_pb_text][\/et_pb_column][\/et_pb_row][\/et_pb_section]<\/p>","_et_gb_content_width":"","footnotes":"","jetpack_publicize_message":"","jetpack_publicize_feature_enabled":true,"jetpack_social_post_already_shared":true,"jetpack_social_options":{"image_generator_settings":{"template":"highway","enabled":false}}},"categories":[82],"tags":[],"class_list":["post-22384","post","type-post","status-publish","format-standard","has-post-thumbnail","hentry","category-uncategorized"],"jetpack_publicize_connections":[],"yoast_head":"<!-- This site is optimized with the Yoast SEO plugin v22.0 - https:\/\/yoast.com\/wordpress\/plugins\/seo\/ -->\n<title>KitKat, Sexism and the Indecent - PAULINA&#039;S FRIENDS<\/title>\n<meta name=\"description\" content=\"Paulina&#039;s Friends ist ein unabh\u00e4ngiger Concept Store f\u00fcr Kunst und Design, f\u00fcr Dinge, die gl\u00fccklich machen. Unser Store versammelt sowohl aufstrebende Newcomer als auch etablierte K\u00fcnstler und Gestalter.\" \/>\n<meta name=\"robots\" content=\"index, follow, max-snippet:-1, max-image-preview:large, max-video-preview:-1\" \/>\n<link rel=\"canonical\" href=\"https:\/\/www.paulinasfriends.com\/kitkat-sexism-and-the-indecent\/\" \/>\n<meta property=\"og:locale\" content=\"en_US\" \/>\n<meta property=\"og:type\" content=\"article\" \/>\n<meta property=\"og:title\" content=\"KitKat, Sexism and the Indecent - PAULINA&#039;S FRIENDS\" \/>\n<meta property=\"og:description\" content=\"Paulina&#039;s Friends ist ein unabh\u00e4ngiger Concept Store f\u00fcr Kunst und Design, f\u00fcr Dinge, die gl\u00fccklich machen. Unser Store versammelt sowohl aufstrebende Newcomer als auch etablierte K\u00fcnstler und Gestalter.\" \/>\n<meta property=\"og:url\" content=\"https:\/\/www.paulinasfriends.com\/kitkat-sexism-and-the-indecent\/\" \/>\n<meta property=\"og:site_name\" content=\"PAULINA&#039;S FRIENDS\" \/>\n<meta property=\"article:publisher\" content=\"https:\/\/www.facebook.com\/paulinasfriends\" \/>\n<meta property=\"article:published_time\" content=\"2020-12-08T23:52:06+00:00\" \/>\n<meta property=\"article:modified_time\" content=\"2020-12-08T23:59:29+00:00\" \/>\n<meta property=\"og:image\" content=\"https:\/\/www.paulinasfriends.com\/wp-content\/uploads\/2020\/12\/123284108_2718598308394812_4881593686031001575_n.jpg\" \/>\n\t<meta property=\"og:image:width\" content=\"640\" \/>\n\t<meta property=\"og:image:height\" content=\"640\" \/>\n\t<meta property=\"og:image:type\" content=\"image\/jpeg\" \/>\n<meta name=\"author\" content=\"vintage\" \/>\n<meta name=\"twitter:card\" content=\"summary_large_image\" \/>\n<meta name=\"twitter:label1\" content=\"Written by\" \/>\n\t<meta name=\"twitter:data1\" content=\"vintage\" \/>\n\t<meta name=\"twitter:label2\" content=\"Est. reading time\" \/>\n\t<meta name=\"twitter:data2\" content=\"9 minutes\" \/>\n<script type=\"application\/ld+json\" class=\"yoast-schema-graph\">{\"@context\":\"https:\/\/schema.org\",\"@graph\":[{\"@type\":\"Article\",\"@id\":\"https:\/\/www.paulinasfriends.com\/kitkat-sexism-and-the-indecent\/#article\",\"isPartOf\":{\"@id\":\"https:\/\/www.paulinasfriends.com\/kitkat-sexism-and-the-indecent\/\"},\"author\":{\"name\":\"vintage\",\"@id\":\"https:\/\/www.paulinasfriends.com\/#\/schema\/person\/f60f0dbf276bee5564d2a90420c80b0e\"},\"headline\":\"KitKat, Sexism and the Indecent\",\"datePublished\":\"2020-12-08T23:52:06+00:00\",\"dateModified\":\"2020-12-08T23:59:29+00:00\",\"mainEntityOfPage\":{\"@id\":\"https:\/\/www.paulinasfriends.com\/kitkat-sexism-and-the-indecent\/\"},\"wordCount\":1862,\"commentCount\":0,\"publisher\":{\"@id\":\"https:\/\/www.paulinasfriends.com\/#organization\"},\"inLanguage\":\"en-US\",\"potentialAction\":[{\"@type\":\"CommentAction\",\"name\":\"Comment\",\"target\":[\"https:\/\/www.paulinasfriends.com\/kitkat-sexism-and-the-indecent\/#respond\"]}]},{\"@type\":\"WebPage\",\"@id\":\"https:\/\/www.paulinasfriends.com\/kitkat-sexism-and-the-indecent\/\",\"url\":\"https:\/\/www.paulinasfriends.com\/kitkat-sexism-and-the-indecent\/\",\"name\":\"KitKat, Sexism and the Indecent - PAULINA&#039;S FRIENDS\",\"isPartOf\":{\"@id\":\"https:\/\/www.paulinasfriends.com\/#website\"},\"datePublished\":\"2020-12-08T23:52:06+00:00\",\"dateModified\":\"2020-12-08T23:59:29+00:00\",\"description\":\"Paulina's Friends ist ein unabh\u00e4ngiger Concept Store f\u00fcr Kunst und Design, f\u00fcr Dinge, die gl\u00fccklich machen. Unser Store versammelt sowohl aufstrebende Newcomer als auch etablierte K\u00fcnstler und Gestalter.\",\"breadcrumb\":{\"@id\":\"https:\/\/www.paulinasfriends.com\/kitkat-sexism-and-the-indecent\/#breadcrumb\"},\"inLanguage\":\"en-US\",\"potentialAction\":[{\"@type\":\"ReadAction\",\"target\":[\"https:\/\/www.paulinasfriends.com\/kitkat-sexism-and-the-indecent\/\"]}]},{\"@type\":\"BreadcrumbList\",\"@id\":\"https:\/\/www.paulinasfriends.com\/kitkat-sexism-and-the-indecent\/#breadcrumb\",\"itemListElement\":[{\"@type\":\"ListItem\",\"position\":1,\"name\":\"Home\",\"item\":\"https:\/\/www.paulinasfriends.com\/en\/\"},{\"@type\":\"ListItem\",\"position\":2,\"name\":\"KitKat, Sexism and the Indecent\"}]},{\"@type\":\"WebSite\",\"@id\":\"https:\/\/www.paulinasfriends.com\/#website\",\"url\":\"https:\/\/www.paulinasfriends.com\/\",\"name\":\"PAULINA'S FRIENDS\",\"description\":\"Concept Store f\u00fcr Kunst, Design &amp; Mode\",\"publisher\":{\"@id\":\"https:\/\/www.paulinasfriends.com\/#organization\"},\"potentialAction\":[{\"@type\":\"SearchAction\",\"target\":{\"@type\":\"EntryPoint\",\"urlTemplate\":\"https:\/\/www.paulinasfriends.com\/?s={search_term_string}\"},\"query-input\":\"required name=search_term_string\"}],\"inLanguage\":\"en-US\"},{\"@type\":\"Organization\",\"@id\":\"https:\/\/www.paulinasfriends.com\/#organization\",\"name\":\"Paulina's Friends\",\"url\":\"https:\/\/www.paulinasfriends.com\/\",\"logo\":{\"@type\":\"ImageObject\",\"inLanguage\":\"en-US\",\"@id\":\"https:\/\/www.paulinasfriends.com\/#\/schema\/logo\/image\/\",\"url\":\"https:\/\/www.paulinasfriends.com\/wp-content\/uploads\/2016\/07\/Logo_Copper.png\",\"contentUrl\":\"https:\/\/www.paulinasfriends.com\/wp-content\/uploads\/2016\/07\/Logo_Copper.png\",\"width\":400,\"height\":400,\"caption\":\"Paulina's Friends\"},\"image\":{\"@id\":\"https:\/\/www.paulinasfriends.com\/#\/schema\/logo\/image\/\"},\"sameAs\":[\"https:\/\/www.facebook.com\/paulinasfriends\",\"http:\/\/www.instagram.com\/paulinasfriendsfashion\",\"https:\/\/www.pinterest.de\/paulinasconcept\/\",\"https:\/\/www.youtube.com\/channel\/UC0DGWPl8g1TkqeHguu4u-cg\"]},{\"@type\":\"Person\",\"@id\":\"https:\/\/www.paulinasfriends.com\/#\/schema\/person\/f60f0dbf276bee5564d2a90420c80b0e\",\"name\":\"vintage\",\"image\":{\"@type\":\"ImageObject\",\"inLanguage\":\"en-US\",\"@id\":\"https:\/\/www.paulinasfriends.com\/#\/schema\/person\/image\/\",\"url\":\"https:\/\/secure.gravatar.com\/avatar\/a86e1957f2d3a3b02f08302ca396f45899230ccdd28f54e2d9860969a3689215?s=96&d=mm&r=g\",\"contentUrl\":\"https:\/\/secure.gravatar.com\/avatar\/a86e1957f2d3a3b02f08302ca396f45899230ccdd28f54e2d9860969a3689215?s=96&d=mm&r=g\",\"caption\":\"vintage\"}}]}<\/script>\n<!-- \/ Yoast SEO plugin. -->","yoast_head_json":{"title":"KitKat, Sexism and the Indecent - PAULINA&#039;S FRIENDS","description":"Paulina's Friends ist ein unabh\u00e4ngiger Concept Store f\u00fcr Kunst und Design, f\u00fcr Dinge, die gl\u00fccklich machen. Unser Store versammelt sowohl aufstrebende Newcomer als auch etablierte K\u00fcnstler und Gestalter.","robots":{"index":"index","follow":"follow","max-snippet":"max-snippet:-1","max-image-preview":"max-image-preview:large","max-video-preview":"max-video-preview:-1"},"canonical":"https:\/\/www.paulinasfriends.com\/kitkat-sexism-and-the-indecent\/","og_locale":"en_US","og_type":"article","og_title":"KitKat, Sexism and the Indecent - PAULINA&#039;S FRIENDS","og_description":"Paulina's Friends ist ein unabh\u00e4ngiger Concept Store f\u00fcr Kunst und Design, f\u00fcr Dinge, die gl\u00fccklich machen. Unser Store versammelt sowohl aufstrebende Newcomer als auch etablierte K\u00fcnstler und Gestalter.","og_url":"https:\/\/www.paulinasfriends.com\/kitkat-sexism-and-the-indecent\/","og_site_name":"PAULINA&#039;S FRIENDS","article_publisher":"https:\/\/www.facebook.com\/paulinasfriends","article_published_time":"2020-12-08T23:52:06+00:00","article_modified_time":"2020-12-08T23:59:29+00:00","og_image":[{"width":640,"height":640,"url":"https:\/\/www.paulinasfriends.com\/wp-content\/uploads\/2020\/12\/123284108_2718598308394812_4881593686031001575_n.jpg","type":"image\/jpeg"}],"author":"vintage","twitter_card":"summary_large_image","twitter_misc":{"Written by":"vintage","Est. reading time":"9 minutes"},"schema":{"@context":"https:\/\/schema.org","@graph":[{"@type":"Article","@id":"https:\/\/www.paulinasfriends.com\/kitkat-sexism-and-the-indecent\/#article","isPartOf":{"@id":"https:\/\/www.paulinasfriends.com\/kitkat-sexism-and-the-indecent\/"},"author":{"name":"vintage","@id":"https:\/\/www.paulinasfriends.com\/#\/schema\/person\/f60f0dbf276bee5564d2a90420c80b0e"},"headline":"KitKat, Sexism and the Indecent","datePublished":"2020-12-08T23:52:06+00:00","dateModified":"2020-12-08T23:59:29+00:00","mainEntityOfPage":{"@id":"https:\/\/www.paulinasfriends.com\/kitkat-sexism-and-the-indecent\/"},"wordCount":1862,"commentCount":0,"publisher":{"@id":"https:\/\/www.paulinasfriends.com\/#organization"},"inLanguage":"en-US","potentialAction":[{"@type":"CommentAction","name":"Comment","target":["https:\/\/www.paulinasfriends.com\/kitkat-sexism-and-the-indecent\/#respond"]}]},{"@type":"WebPage","@id":"https:\/\/www.paulinasfriends.com\/kitkat-sexism-and-the-indecent\/","url":"https:\/\/www.paulinasfriends.com\/kitkat-sexism-and-the-indecent\/","name":"KitKat, Sexism and the Indecent - PAULINA&#039;S FRIENDS","isPartOf":{"@id":"https:\/\/www.paulinasfriends.com\/#website"},"datePublished":"2020-12-08T23:52:06+00:00","dateModified":"2020-12-08T23:59:29+00:00","description":"Paulina's Friends ist ein unabh\u00e4ngiger Concept Store f\u00fcr Kunst und Design, f\u00fcr Dinge, die gl\u00fccklich machen. Unser Store versammelt sowohl aufstrebende Newcomer als auch etablierte K\u00fcnstler und Gestalter.","breadcrumb":{"@id":"https:\/\/www.paulinasfriends.com\/kitkat-sexism-and-the-indecent\/#breadcrumb"},"inLanguage":"en-US","potentialAction":[{"@type":"ReadAction","target":["https:\/\/www.paulinasfriends.com\/kitkat-sexism-and-the-indecent\/"]}]},{"@type":"BreadcrumbList","@id":"https:\/\/www.paulinasfriends.com\/kitkat-sexism-and-the-indecent\/#breadcrumb","itemListElement":[{"@type":"ListItem","position":1,"name":"Home","item":"https:\/\/www.paulinasfriends.com\/en\/"},{"@type":"ListItem","position":2,"name":"KitKat, Sexism and the Indecent"}]},{"@type":"WebSite","@id":"https:\/\/www.paulinasfriends.com\/#website","url":"https:\/\/www.paulinasfriends.com\/","name":"PAULINA'S FRIENDS","description":"Concept Store f\u00fcr Kunst, Design &amp; Mode","publisher":{"@id":"https:\/\/www.paulinasfriends.com\/#organization"},"potentialAction":[{"@type":"SearchAction","target":{"@type":"EntryPoint","urlTemplate":"https:\/\/www.paulinasfriends.com\/?s={search_term_string}"},"query-input":"required name=search_term_string"}],"inLanguage":"en-US"},{"@type":"Organization","@id":"https:\/\/www.paulinasfriends.com\/#organization","name":"Paulina's Friends","url":"https:\/\/www.paulinasfriends.com\/","logo":{"@type":"ImageObject","inLanguage":"en-US","@id":"https:\/\/www.paulinasfriends.com\/#\/schema\/logo\/image\/","url":"https:\/\/www.paulinasfriends.com\/wp-content\/uploads\/2016\/07\/Logo_Copper.png","contentUrl":"https:\/\/www.paulinasfriends.com\/wp-content\/uploads\/2016\/07\/Logo_Copper.png","width":400,"height":400,"caption":"Paulina's Friends"},"image":{"@id":"https:\/\/www.paulinasfriends.com\/#\/schema\/logo\/image\/"},"sameAs":["https:\/\/www.facebook.com\/paulinasfriends","http:\/\/www.instagram.com\/paulinasfriendsfashion","https:\/\/www.pinterest.de\/paulinasconcept\/","https:\/\/www.youtube.com\/channel\/UC0DGWPl8g1TkqeHguu4u-cg"]},{"@type":"Person","@id":"https:\/\/www.paulinasfriends.com\/#\/schema\/person\/f60f0dbf276bee5564d2a90420c80b0e","name":"vintage","image":{"@type":"ImageObject","inLanguage":"en-US","@id":"https:\/\/www.paulinasfriends.com\/#\/schema\/person\/image\/","url":"https:\/\/secure.gravatar.com\/avatar\/a86e1957f2d3a3b02f08302ca396f45899230ccdd28f54e2d9860969a3689215?s=96&d=mm&r=g","contentUrl":"https:\/\/secure.gravatar.com\/avatar\/a86e1957f2d3a3b02f08302ca396f45899230ccdd28f54e2d9860969a3689215?s=96&d=mm&r=g","caption":"vintage"}}]}},"jetpack_sharing_enabled":true,"jetpack_featured_media_url":"https:\/\/www.paulinasfriends.com\/wp-content\/uploads\/2020\/12\/123284108_2718598308394812_4881593686031001575_n.jpg","_links":{"self":[{"href":"https:\/\/www.paulinasfriends.com\/en\/wp-json\/wp\/v2\/posts\/22384","targetHints":{"allow":["GET"]}}],"collection":[{"href":"https:\/\/www.paulinasfriends.com\/en\/wp-json\/wp\/v2\/posts"}],"about":[{"href":"https:\/\/www.paulinasfriends.com\/en\/wp-json\/wp\/v2\/types\/post"}],"author":[{"embeddable":true,"href":"https:\/\/www.paulinasfriends.com\/en\/wp-json\/wp\/v2\/users\/1"}],"replies":[{"embeddable":true,"href":"https:\/\/www.paulinasfriends.com\/en\/wp-json\/wp\/v2\/comments?post=22384"}],"version-history":[{"count":8,"href":"https:\/\/www.paulinasfriends.com\/en\/wp-json\/wp\/v2\/posts\/22384\/revisions"}],"predecessor-version":[{"id":22398,"href":"https:\/\/www.paulinasfriends.com\/en\/wp-json\/wp\/v2\/posts\/22384\/revisions\/22398"}],"wp:featuredmedia":[{"embeddable":true,"href":"https:\/\/www.paulinasfriends.com\/en\/wp-json\/wp\/v2\/media\/22348"}],"wp:attachment":[{"href":"https:\/\/www.paulinasfriends.com\/en\/wp-json\/wp\/v2\/media?parent=22384"}],"wp:term":[{"taxonomy":"category","embeddable":true,"href":"https:\/\/www.paulinasfriends.com\/en\/wp-json\/wp\/v2\/categories?post=22384"},{"taxonomy":"post_tag","embeddable":true,"href":"https:\/\/www.paulinasfriends.com\/en\/wp-json\/wp\/v2\/tags?post=22384"}],"curies":[{"name":"wp","href":"https:\/\/api.w.org\/{rel}","templated":true}]}}